{"id":2132,"date":"2026-03-12T14:30:23","date_gmt":"2026-03-12T14:30:23","guid":{"rendered":"https:\/\/www.antoniogil.com\/wp\/?p=2132"},"modified":"2026-03-14T09:37:53","modified_gmt":"2026-03-14T09:37:53","slug":"viaje-a-nueva-zelanda-y-sidney","status":"publish","type":"post","link":"https:\/\/www.antoniogil.com\/wp\/viaje-a-nueva-zelanda-y-sidney\/","title":{"rendered":"Viaje a Nueva Zelanda y S\u00eddney"},"content":{"rendered":"\n<p>Nueva Zelanda es un pa\u00eds para visitar s\u00ed o s\u00ed. Sus paisajes son fant\u00e1sticos, de ah\u00ed que haya sido elegido como escenario de numerosas pel\u00edculas. Su naturaleza vegetal es impresionante, as\u00ed como sus monta\u00f1as, muchas de ellas de origen volc\u00e1nico. Los aficionados a la fotograf\u00eda encuentran una gran motivaci\u00f3n para disparar fotos y m\u00e1s fotos. Este viaje que hemos hecho en grupo, lo hemos vivido con gran intensidad y nos dejar\u00e1 buenos y bonitos recuerdos. <\/p>\n\n\n\n<p>Clica sobre las fotos para acceder a los diferentes \u00e1lbumes.<\/p>\n\n\n\n<figure class=\"wp-block-image size-large is-resized\"><a href=\"https:\/\/photos.app.goo.gl\/NQFADN6VHhywfYdLA\" target=\"_blank\" rel=\"noreferrer noopener\"><img decoding=\"async\" src=\"https:\/\/www.antoniogil.com\/portadablog\/pornz1.jpg\" alt=\"\" style=\"width:800px;height:auto\"\/><\/a><\/figure>\n\n\n\n<p><a href=\"https:\/\/photos.app.goo.gl\/NQFADN6VHhywfYdLA\" target=\"_blank\" rel=\"noreferrer noopener\">\u00c1lbum 1. Del 28 de enero al 4 de febrero.<\/a><\/p>\n\n\n\n<figure class=\"wp-block-image size-large is-resized\"><a href=\"https:\/\/photos.app.goo.gl\/MZkpjQHy2vGXH5Cm6\" target=\"_blank\" rel=\"noreferrer noopener\"><img decoding=\"async\" src=\"https:\/\/www.antoniogil.com\/portadablog\/pornz2.jpg\" alt=\"\" style=\"width:800px;height:auto\"\/><\/a><\/figure>\n\n\n\n<p><a href=\"https:\/\/photos.app.goo.gl\/MZkpjQHy2vGXH5Cm6\" target=\"_blank\" rel=\"noreferrer noopener\">\u00c1lbum 2. Del 5 al 11 de febrero.<\/a><\/p>\n\n\n\n<figure class=\"wp-block-image size-large\"><a href=\"https:\/\/photos.app.goo.gl\/QxHicmQmNPRWNH2r9\" target=\"_blank\" rel=\"noreferrer noopener\"><img decoding=\"async\" src=\"https:\/\/www.antoniogil.com\/portadablog\/pornz3.jpg\" alt=\"\"\/><\/a><\/figure>\n\n\n\n<p><a href=\"https:\/\/photos.app.goo.gl\/QxHicmQmNPRWNH2r9\" target=\"_blank\" rel=\"noreferrer noopener\">\u00c1lbum 3. Del 12 al 19 de febrero.<\/a><\/p>\n\n\n\n<figure class=\"wp-block-image size-large\"><a href=\"https:\/\/photos.app.goo.gl\/sa13QeXS5LwooktG8\" target=\"_blank\" rel=\"noreferrer noopener\"><img decoding=\"async\" src=\"https:\/\/www.antoniogil.com\/portadablog\/porsid.jpg\" alt=\"\"\/><\/a><\/figure>\n\n\n\n<p><a href=\"https:\/\/photos.app.goo.gl\/sa13QeXS5LwooktG8\" target=\"_blank\" rel=\"noreferrer noopener\">\u00c1lbum 4. Del 20 al 22 de febrero.<\/a><\/p>\n<div class='share-to-whatsapp-wrapper'><div class='share-on-whsp'>Share on: <\/div><a data-text='Viaje a Nueva Zelanda y S\u00eddney' data-link='https:\/\/www.antoniogil.com\/wp\/viaje-a-nueva-zelanda-y-sidney\/' class='whatsapp-button whatsapp-share'>WhatsApp<\/a><div class='clear '><\/div><\/div>","protected":false},"excerpt":{"rendered":"<p>Nueva Zelanda es un pa\u00eds para visitar s\u00ed o s\u00ed. Sus paisajes son fant\u00e1sticos, de ah\u00ed que haya sido elegido como escenario de numerosas pel\u00edculas. Su naturaleza vegetal es impresionante, as\u00ed como sus monta\u00f1as, muchas de ellas de origen volc\u00e1nico. Los aficionados a la fotograf\u00eda encuentran una gran motivaci\u00f3n para disparar fotos y m\u00e1s fotos. &hellip; <a href=\"https:\/\/www.antoniogil.com\/wp\/viaje-a-nueva-zelanda-y-sidney\/\" class=\"more-link\">Sigue leyendo <span class=\"meta-nav\">&rarr;<\/span><\/a><\/p>\n","protected":false},"author":1,"featured_media":0,"comment_status":"closed","ping_status":"closed","sticky":false,"template":"","format":"standard","meta":{"footnotes":""},"categories":[1],"tags":[],"class_list":["post-2132","post","type-post","status-publish","format-standard","hentry","category-sin-categoria"],"_links":{"self":[{"href":"https:\/\/www.antoniogil.com\/wp\/wp-json\/wp\/v2\/posts\/2132","targetHints":{"allow":["GET"]}}],"collection":[{"href":"https:\/\/www.antoniogil.com\/wp\/wp-json\/wp\/v2\/posts"}],"about":[{"href":"https:\/\/www.antoniogil.com\/wp\/wp-json\/wp\/v2\/types\/post"}],"author":[{"embeddable":true,"href":"https:\/\/www.antoniogil.com\/wp\/wp-json\/wp\/v2\/users\/1"}],"replies":[{"embeddable":true,"href":"https:\/\/www.antoniogil.com\/wp\/wp-json\/wp\/v2\/comments?post=2132"}],"version-history":[{"count":7,"href":"https:\/\/www.antoniogil.com\/wp\/wp-json\/wp\/v2\/posts\/2132\/revisions"}],"predecessor-version":[{"id":2146,"href":"https:\/\/www.antoniogil.com\/wp\/wp-json\/wp\/v2\/posts\/2132\/revisions\/2146"}],"wp:attachment":[{"href":"https:\/\/www.antoniogil.com\/wp\/wp-json\/wp\/v2\/media?parent=2132"}],"wp:term":[{"taxonomy":"category","embeddable":true,"href":"https:\/\/www.antoniogil.com\/wp\/wp-json\/wp\/v2\/categories?post=2132"},{"taxonomy":"post_tag","embeddable":true,"href":"https:\/\/www.antoniogil.com\/wp\/wp-json\/wp\/v2\/tags?post=2132"}],"curies":[{"name":"wp","href":"https:\/\/api.w.org\/{rel}","templated":true}]}}